{"id":12123,"date":"2026-01-21T07:19:32","date_gmt":"2026-01-21T07:19:32","guid":{"rendered":"https:\/\/estheticbcn.com\/?p=12123"},"modified":"2026-01-21T07:18:54","modified_gmt":"2026-01-21T07:18:54","slug":"tractar-te-en-clinica-medica","status":"publish","type":"post","link":"https:\/\/estheticbcn.com\/ca\/tractar-te-en-clinica-medica\/","title":{"rendered":"Per qu\u00e8 tractar-te en una cl\u00ednica m\u00e8dica i no en un centre est\u00e8tic?"},"content":{"rendered":"<p>La medicina est\u00e8tica no \u00e9s nom\u00e9s una q\u00fcesti\u00f3 d\u2019imatge. \u00c9s, abans que res, una disciplina m\u00e8dica. Tot i aix\u00f2, en els darrers anys han proliferat centres est\u00e8tics on es realitzen tractaments sense una valoraci\u00f3 m\u00e8dica integral pr\u00e8via.<\/p>\n<p>Escollir\u00a0<strong><span class=\"s2\">on<\/span>\u00a0i\u00a0<span class=\"s2\">amb<\/span><span class=\"s2\"> qui<\/span>\u00a0<\/strong>tractar-se marca la difer\u00e8ncia entre un resultat puntual i una millora real, segura i duradora.<\/p>\n<p><strong><span class=\"s2\">La <\/span><span class=\"s2\">difer\u00e8ncia<\/span> <span class=\"s2\">comen\u00e7a<\/span><span class=\"s2\"> en el <\/span><span class=\"s2\">diagn\u00f2stic<\/span><\/strong><\/p>\n<p>En una cl\u00ednica m\u00e8dica, tot tractament est\u00e8tic parteix d\u2019un\u00a0<strong><span class=\"s2\">diagn\u00f2stic<\/span> <span class=\"s2\">m\u00e8dic<\/span> <span class=\"s2\">previ<\/span><\/strong>. Aix\u00f2implica valorar no nom\u00e9s l\u2019aspecte extern, sin\u00f3 tamb\u00e9:<\/p>\n<ul>\n<li>\u200bL\u2019estat de salut general<\/li>\n<li>\u200bL\u2019equilibri hormonal i metab\u00f2lic<\/li>\n<li>\u200bLa qualitat dels teixits<\/li>\n<li>\u200bLa medicaci\u00f3 habitual i els antecedents m\u00e8dics<\/li>\n<\/ul>\n<p>En un centre est\u00e8tic, l\u2019abordatge sovint es limita al problema visible, sense analitzar-neles causes profundes.<\/p>\n<p><strong><span class=\"s2\">Seguretat<\/span><span class=\"s2\">: un factor no negociable<\/span><\/strong><\/p>\n<p>Els tractaments de medicina est\u00e8tica, tot i ser m\u00ednimament invasius,\u00a0<strong><span class=\"s2\">no <\/span><span class=\"s2\">estan<\/span> <span class=\"s2\">exempts<\/span><span class=\"s2\">de riscos<\/span><\/strong>. La difer\u00e8ncia rau en qui est\u00e0 capacitat per:<\/p>\n<ul>\n<li>\u200b\u200bIndicar correctament un tractament<\/li>\n<li>\u200b\u200bDetectar contraindicacions<\/li>\n<li>Gestionar efectes secundaris<\/li>\n<li>\u200bResoldre possibles complicacions<\/li>\n<\/ul>\n<p>En una cl\u00ednica m\u00e8dica, la seguretat no \u00e9s un afegit: \u00e9s la base del tractament.<\/p>\n<p><strong><span class=\"s2\">Resultats<\/span> <span class=\"s2\">m\u00e9s<\/span> <span class=\"s2\">naturals<\/span><span class=\"s2\"> i <\/span><span class=\"s2\">coherents<\/span><\/strong><\/p>\n<p>Quan el tractament est\u00e8tic es dissenya des d\u2019una visi\u00f3 m\u00e8dica:<\/p>\n<ul>\n<li>Es respecten les proporcions i l\u2019anatomia<\/li>\n<li>\u200bS\u2019eviten les sobrecorreccions<\/li>\n<li>Es prioritza la naturalitat per damunt de l\u2019impacte immediat<\/li>\n<\/ul>\n<p>L\u2019objectiu no \u00e9s transformar, sin\u00f3\u00a0<strong><span class=\"s2\">millorar<\/span> <span class=\"s2\">sense<\/span><span class=\"s2\"> que es <\/span><span class=\"s2\">noti<\/span><span class=\"s2\"> el <\/span><span class=\"s2\">tractament<\/span>.<\/strong><\/p>\n<p><strong><span class=\"s2\">Un <\/span><span class=\"s2\">pla<\/span><span class=\"s2\">, no un <\/span><span class=\"s2\">tractament<\/span> <span class=\"s2\">a\u00efllat<\/span><\/strong><\/p>\n<p>Una cl\u00ednica m\u00e8dica no ofereix solucions puntuals, sin\u00f3\u00a0<strong><span class=\"s2\">plans<\/span> <span class=\"s2\">personalitzats<\/span><\/strong>\u00a0que poden integrar:<\/p>\n<ul>\n<li>Medicina est\u00e8tica<\/li>\n<li>\u200b\u200bNutrici\u00f3 cl\u00ednica<\/li>\n<li>Salut hormonal<\/li>\n<li>Tractaments quir\u00fargics o no quir\u00fargics<\/li>\n<li>\u200bSeguiment m\u00e8dic a mitj\u00e0 i llarg termini<\/li>\n<\/ul>\n<p>Aix\u00f2 permet resultats m\u00e9s estables i una millor evoluci\u00f3 amb el pas del temps.<\/p>\n<p><strong><span class=\"s2\">Est\u00e8tica<\/span><span class=\"s2\"> responsable i <\/span><span class=\"s2\">\u00e8tica<\/span> <span class=\"s2\">m\u00e8dica<\/span><\/strong><\/p>\n<p>Part del valor d\u2019una cl\u00ednica m\u00e8dica \u00e9s saber dir\u00a0<span class=\"s2\">no<\/span>\u00a0quan un tractament no est\u00e0 indicat.<\/p>\n<p>L\u2019\u00e8tica m\u00e8dica implica:<\/p>\n<ul>\n<li>Prioritzar la salut del pacient<\/li>\n<li>\u200bAjustar expectatives<\/li>\n<li>Acompanyar i assessorar, no vendre tractaments<\/li>\n<\/ul>\n<p><span class=\"s2\">Quin <\/span><span class=\"s2\">tipus<\/span> <span class=\"s2\">d\u2019est\u00e8tica<\/span> <span class=\"s2\">est\u00e0<\/span> <span class=\"s2\">buscant<\/span><span class=\"s2\">?<\/span><\/p>\n<p>Si busca un enfocament r\u00e0pid i superficial, un centre est\u00e8tic pot semblar suficient.<\/p>\n<p>Si busca\u00a0<strong><span class=\"s2\">seguretat<\/span><span class=\"s2\">, <\/span><span class=\"s2\">criteri<\/span> <span class=\"s2\">m\u00e8dic<\/span><span class=\"s2\">, <\/span><span class=\"s2\">naturalitat<\/span><span class=\"s2\"> i <\/span><span class=\"s2\">resultats<\/span><span class=\"s2\"> sostenibles<\/span><\/strong>, una cl\u00ednica m\u00e8dica \u00e9s l\u2019opci\u00f3 adequada.<\/p>\n<p>A Esthetic BCN entenem la medicina est\u00e8tica com a part d\u2019un concepte m\u00e9s ampli de salut i benestar.<\/p>\n<p><strong><span class=\"s2\">Sol\u00b7liciti<\/span><span class=\"s2\"> una <\/span><span class=\"s2\">valoraci\u00f3<\/span> <span class=\"s2\">m\u00e8dica<\/span> <span class=\"s2\">personalitzada<\/span><\/strong>\u00a0i descobreixi la difer\u00e8ncia entre tractar un s\u00edmptoma i cuidar la persona en el seu conjunt.<\/p>\n","protected":false},"excerpt":{"rendered":"<p>La medicina est\u00e8tica no \u00e9s nom\u00e9s una q\u00fcesti\u00f3 d\u2019imatge. \u00c9s, abans que res, una disciplina m\u00e8dica. Tot i aix\u00f2, en els darrers anys han proliferat centres est\u00e8tics on es realitzen tractaments sense una valoraci\u00f3 m\u00e8dica integral pr\u00e8via. Escollir\u00a0on\u00a0i\u00a0amb qui\u00a0tractar-se marca la difer\u00e8ncia entre un resultat puntual i una millora real, segura i duradora. La difer\u00e8ncia&#8230;<a class=\"more-link\" href=\"https:\/\/estheticbcn.com\/ca\/tractar-te-en-clinica-medica\/\">Llegir m\u00e9s<\/a><\/p>\n","protected":false},"author":5,"featured_media":12125,"comment_status":"closed","ping_status":"closed","sticky":false,"template":"","format":"standard","meta":{"footnotes":""},"categories":[45,48,47,46,49,50],"tags":[1665,1663,1662,1666,1664,1655],"class_list":["post-12123","post","type-post","status-publish","format-standard","has-post-thumbnail","hentry","category-cura-de-la-pell","category-esthetic-bcn-ca","category-nutricio","category-salut-i-bellesa","category-tractaments-anti-edat","category-tractaments-estetics","tag-clinica-medicina-estetica-barcelona-ca","tag-diagnostic-medic-en-medicina-estetica","tag-diferencia-entre-clinica-medica-i-centre-estetic","tag-estetica-medica-segura-ca","tag-resultats-estetics-naturals","tag-tractaments-estetics-personalitzats"],"yoast_head":"<!-- This site is optimized with the Yoast SEO plugin v26.0 - https:\/\/yoast.com\/wordpress\/plugins\/seo\/ -->\n<title>Per qu\u00e8 tractar-te en una cl\u00ednica m\u00e8dica i no en un centre est\u00e8tic? - Esthetic BCN<\/title>\n<meta name=\"description\" content=\"La medicina est\u00e8tica no \u00e9s nom\u00e9s una q\u00fcesti\u00f3 d\u2019imatge. \u00c9s, abans que res, una disciplina m\u00e8dica. Tot i aix\u00f2, en els darrers anys han proliferat centres est\u00e8tics on es realitzen tractaments sense una valoraci\u00f3 m\u00e8dica integral pr\u00e8via.\" \/>\n<meta name=\"robots\" content=\"index, follow, max-snippet:-1, max-image-preview:large, max-video-preview:-1\" \/>\n<link rel=\"canonical\" href=\"https:\/\/estheticbcn.com\/ca\/tractar-te-en-clinica-medica\/\" \/>\n<meta property=\"og:locale\" content=\"ca_ES\" \/>\n<meta property=\"og:type\" content=\"article\" \/>\n<meta property=\"og:title\" content=\"Per qu\u00e8 tractar-te en una cl\u00ednica m\u00e8dica i no en un centre est\u00e8tic? - Esthetic BCN\" \/>\n<meta property=\"og:description\" content=\"La medicina est\u00e8tica no \u00e9s nom\u00e9s una q\u00fcesti\u00f3 d\u2019imatge. \u00c9s, abans que res, una disciplina m\u00e8dica. Tot i aix\u00f2, en els darrers anys han proliferat centres est\u00e8tics on es realitzen tractaments sense una valoraci\u00f3 m\u00e8dica integral pr\u00e8via.\" \/>\n<meta property=\"og:url\" content=\"https:\/\/estheticbcn.com\/ca\/tractar-te-en-clinica-medica\/\" \/>\n<meta property=\"og:site_name\" content=\"Esthetic BCN\" \/>\n<meta property=\"article:published_time\" content=\"2026-01-21T07:19:32+00:00\" \/>\n<meta property=\"og:image\" content=\"https:\/\/estheticbcn.com\/wp-content\/uploads\/post_web_estheticBCN_110_2_Clinica_medica_estetica_Barcelona.jpg\" \/>\n\t<meta property=\"og:image:width\" content=\"1280\" \/>\n\t<meta property=\"og:image:height\" content=\"700\" \/>\n\t<meta property=\"og:image:type\" content=\"image\/jpeg\" \/>\n<meta name=\"author\" content=\"Esthetic BCN\" \/>\n<meta name=\"twitter:card\" content=\"summary_large_image\" \/>\n<meta name=\"twitter:label1\" content=\"Escrit per\" \/>\n\t<meta name=\"twitter:data1\" content=\"Esthetic BCN\" \/>\n\t<meta name=\"twitter:label2\" content=\"Temps estimat de lectura\" \/>\n\t<meta name=\"twitter:data2\" content=\"2 minuts\" \/>\n<script type=\"application\/ld+json\" class=\"yoast-schema-graph\">{\"@context\":\"https:\/\/schema.org\",\"@graph\":[{\"@type\":\"WebPage\",\"@id\":\"https:\/\/estheticbcn.com\/ca\/tractar-te-en-clinica-medica\/\",\"url\":\"https:\/\/estheticbcn.com\/ca\/tractar-te-en-clinica-medica\/\",\"name\":\"Per qu\u00e8 tractar-te en una cl\u00ednica m\u00e8dica i no en un centre est\u00e8tic? - Esthetic BCN\",\"isPartOf\":{\"@id\":\"https:\/\/estheticbcn.com\/#website\"},\"primaryImageOfPage\":{\"@id\":\"https:\/\/estheticbcn.com\/ca\/tractar-te-en-clinica-medica\/#primaryimage\"},\"image\":{\"@id\":\"https:\/\/estheticbcn.com\/ca\/tractar-te-en-clinica-medica\/#primaryimage\"},\"thumbnailUrl\":\"https:\/\/estheticbcn.com\/wp-content\/uploads\/post_web_estheticBCN_110_2_Clinica_medica_estetica_Barcelona.jpg\",\"datePublished\":\"2026-01-21T07:19:32+00:00\",\"author\":{\"@id\":\"https:\/\/estheticbcn.com\/#\/schema\/person\/2c7f9b3f40db8280b90afeb22ec74c7a\"},\"description\":\"La medicina est\u00e8tica no \u00e9s nom\u00e9s una q\u00fcesti\u00f3 d\u2019imatge. \u00c9s, abans que res, una disciplina m\u00e8dica. Tot i aix\u00f2, en els darrers anys han proliferat centres est\u00e8tics on es realitzen tractaments sense una valoraci\u00f3 m\u00e8dica integral pr\u00e8via.\",\"inLanguage\":\"ca\",\"potentialAction\":[{\"@type\":\"ReadAction\",\"target\":[\"https:\/\/estheticbcn.com\/ca\/tractar-te-en-clinica-medica\/\"]}]},{\"@type\":\"ImageObject\",\"inLanguage\":\"ca\",\"@id\":\"https:\/\/estheticbcn.com\/ca\/tractar-te-en-clinica-medica\/#primaryimage\",\"url\":\"https:\/\/estheticbcn.com\/wp-content\/uploads\/post_web_estheticBCN_110_2_Clinica_medica_estetica_Barcelona.jpg\",\"contentUrl\":\"https:\/\/estheticbcn.com\/wp-content\/uploads\/post_web_estheticBCN_110_2_Clinica_medica_estetica_Barcelona.jpg\",\"width\":1280,\"height\":700},{\"@type\":\"WebSite\",\"@id\":\"https:\/\/estheticbcn.com\/#website\",\"url\":\"https:\/\/estheticbcn.com\/\",\"name\":\"Esthetic BCN\",\"description\":\"Otro sitio realizado con WordPress\",\"potentialAction\":[{\"@type\":\"SearchAction\",\"target\":{\"@type\":\"EntryPoint\",\"urlTemplate\":\"https:\/\/estheticbcn.com\/?s={search_term_string}\"},\"query-input\":{\"@type\":\"PropertyValueSpecification\",\"valueRequired\":true,\"valueName\":\"search_term_string\"}}],\"inLanguage\":\"ca\"},{\"@type\":\"Person\",\"@id\":\"https:\/\/estheticbcn.com\/#\/schema\/person\/2c7f9b3f40db8280b90afeb22ec74c7a\",\"name\":\"Esthetic BCN\",\"url\":\"https:\/\/estheticbcn.com\/ca\/author\/esthetic-bcn\/\"}]}<\/script>\n<!-- \/ Yoast SEO plugin. -->","yoast_head_json":{"title":"Per qu\u00e8 tractar-te en una cl\u00ednica m\u00e8dica i no en un centre est\u00e8tic? - Esthetic BCN","description":"La medicina est\u00e8tica no \u00e9s nom\u00e9s una q\u00fcesti\u00f3 d\u2019imatge. \u00c9s, abans que res, una disciplina m\u00e8dica. Tot i aix\u00f2, en els darrers anys han proliferat centres est\u00e8tics on es realitzen tractaments sense una valoraci\u00f3 m\u00e8dica integral pr\u00e8via.","robots":{"index":"index","follow":"follow","max-snippet":"max-snippet:-1","max-image-preview":"max-image-preview:large","max-video-preview":"max-video-preview:-1"},"canonical":"https:\/\/estheticbcn.com\/ca\/tractar-te-en-clinica-medica\/","og_locale":"ca_ES","og_type":"article","og_title":"Per qu\u00e8 tractar-te en una cl\u00ednica m\u00e8dica i no en un centre est\u00e8tic? - Esthetic BCN","og_description":"La medicina est\u00e8tica no \u00e9s nom\u00e9s una q\u00fcesti\u00f3 d\u2019imatge. \u00c9s, abans que res, una disciplina m\u00e8dica. Tot i aix\u00f2, en els darrers anys han proliferat centres est\u00e8tics on es realitzen tractaments sense una valoraci\u00f3 m\u00e8dica integral pr\u00e8via.","og_url":"https:\/\/estheticbcn.com\/ca\/tractar-te-en-clinica-medica\/","og_site_name":"Esthetic BCN","article_published_time":"2026-01-21T07:19:32+00:00","og_image":[{"width":1280,"height":700,"url":"https:\/\/estheticbcn.com\/wp-content\/uploads\/post_web_estheticBCN_110_2_Clinica_medica_estetica_Barcelona.jpg","type":"image\/jpeg"}],"author":"Esthetic BCN","twitter_card":"summary_large_image","twitter_misc":{"Escrit per":"Esthetic BCN","Temps estimat de lectura":"2 minuts"},"schema":{"@context":"https:\/\/schema.org","@graph":[{"@type":"WebPage","@id":"https:\/\/estheticbcn.com\/ca\/tractar-te-en-clinica-medica\/","url":"https:\/\/estheticbcn.com\/ca\/tractar-te-en-clinica-medica\/","name":"Per qu\u00e8 tractar-te en una cl\u00ednica m\u00e8dica i no en un centre est\u00e8tic? - Esthetic BCN","isPartOf":{"@id":"https:\/\/estheticbcn.com\/#website"},"primaryImageOfPage":{"@id":"https:\/\/estheticbcn.com\/ca\/tractar-te-en-clinica-medica\/#primaryimage"},"image":{"@id":"https:\/\/estheticbcn.com\/ca\/tractar-te-en-clinica-medica\/#primaryimage"},"thumbnailUrl":"https:\/\/estheticbcn.com\/wp-content\/uploads\/post_web_estheticBCN_110_2_Clinica_medica_estetica_Barcelona.jpg","datePublished":"2026-01-21T07:19:32+00:00","author":{"@id":"https:\/\/estheticbcn.com\/#\/schema\/person\/2c7f9b3f40db8280b90afeb22ec74c7a"},"description":"La medicina est\u00e8tica no \u00e9s nom\u00e9s una q\u00fcesti\u00f3 d\u2019imatge. \u00c9s, abans que res, una disciplina m\u00e8dica. Tot i aix\u00f2, en els darrers anys han proliferat centres est\u00e8tics on es realitzen tractaments sense una valoraci\u00f3 m\u00e8dica integral pr\u00e8via.","inLanguage":"ca","potentialAction":[{"@type":"ReadAction","target":["https:\/\/estheticbcn.com\/ca\/tractar-te-en-clinica-medica\/"]}]},{"@type":"ImageObject","inLanguage":"ca","@id":"https:\/\/estheticbcn.com\/ca\/tractar-te-en-clinica-medica\/#primaryimage","url":"https:\/\/estheticbcn.com\/wp-content\/uploads\/post_web_estheticBCN_110_2_Clinica_medica_estetica_Barcelona.jpg","contentUrl":"https:\/\/estheticbcn.com\/wp-content\/uploads\/post_web_estheticBCN_110_2_Clinica_medica_estetica_Barcelona.jpg","width":1280,"height":700},{"@type":"WebSite","@id":"https:\/\/estheticbcn.com\/#website","url":"https:\/\/estheticbcn.com\/","name":"Esthetic BCN","description":"Otro sitio realizado con WordPress","potentialAction":[{"@type":"SearchAction","target":{"@type":"EntryPoint","urlTemplate":"https:\/\/estheticbcn.com\/?s={search_term_string}"},"query-input":{"@type":"PropertyValueSpecification","valueRequired":true,"valueName":"search_term_string"}}],"inLanguage":"ca"},{"@type":"Person","@id":"https:\/\/estheticbcn.com\/#\/schema\/person\/2c7f9b3f40db8280b90afeb22ec74c7a","name":"Esthetic BCN","url":"https:\/\/estheticbcn.com\/ca\/author\/esthetic-bcn\/"}]}},"_links":{"self":[{"href":"https:\/\/estheticbcn.com\/ca\/wp-json\/wp\/v2\/posts\/12123","targetHints":{"allow":["GET"]}}],"collection":[{"href":"https:\/\/estheticbcn.com\/ca\/wp-json\/wp\/v2\/posts"}],"about":[{"href":"https:\/\/estheticbcn.com\/ca\/wp-json\/wp\/v2\/types\/post"}],"author":[{"embeddable":true,"href":"https:\/\/estheticbcn.com\/ca\/wp-json\/wp\/v2\/users\/5"}],"replies":[{"embeddable":true,"href":"https:\/\/estheticbcn.com\/ca\/wp-json\/wp\/v2\/comments?post=12123"}],"version-history":[{"count":0,"href":"https:\/\/estheticbcn.com\/ca\/wp-json\/wp\/v2\/posts\/12123\/revisions"}],"wp:featuredmedia":[{"embeddable":true,"href":"https:\/\/estheticbcn.com\/ca\/wp-json\/wp\/v2\/media\/12125"}],"wp:attachment":[{"href":"https:\/\/estheticbcn.com\/ca\/wp-json\/wp\/v2\/media?parent=12123"}],"wp:term":[{"taxonomy":"category","embeddable":true,"href":"https:\/\/estheticbcn.com\/ca\/wp-json\/wp\/v2\/categories?post=12123"},{"taxonomy":"post_tag","embeddable":true,"href":"https:\/\/estheticbcn.com\/ca\/wp-json\/wp\/v2\/tags?post=12123"}],"curies":[{"name":"wp","href":"https:\/\/api.w.org\/{rel}","templated":true}]}}