{"id":11122,"date":"2023-04-25T08:31:06","date_gmt":"2023-04-25T08:31:06","guid":{"rendered":"https:\/\/estheticbcn.com\/?p=11122"},"modified":"2023-04-25T08:35:22","modified_gmt":"2023-04-25T08:35:22","slug":"venetes-varius-cames","status":"publish","type":"post","link":"https:\/\/estheticbcn.com\/ca\/venetes-varius-cames\/","title":{"rendered":"Et molesten les venetes de les cames? Abans de comen\u00e7ar a ensenyar-les, \u00e9s el moment de tractar-les."},"content":{"rendered":"<p>A la primavera ens traiem les mitges, escurcem els pantalons i ens adonem que han aparegut venetes fines i vermelloses que provoquen un enlletgiment \u00a0de les cames.<\/p>\n<p>Aquestes venetes o varius s\u00f3n dilatacions de les venes que provoquen que la sang no circuli correctament. De vegades donen simptomatologia com cansament, dolor, inflor i altres vegades nom\u00e9s suposen un problema est\u00e8tic.<\/p>\n<p>Les dones solem tenir m\u00e9s varius que els homes, per\u00f2 ells tamb\u00e9 les pateixen. L&#8217;origen \u00e9s m\u00faltiple i \u00e9s degut a una insufici\u00e8ncia venosa. Afavoreixen la seva aparici\u00f3 passar moltes hores de peu o assegut, portar roba ajustada, l&#8217;\u00fas d&#8217;alguns f\u00e0rmacs, l&#8217;exc\u00e9s de pes i la predisposici\u00f3 gen\u00e8tica.<\/p>\n<p>Hi ha diferents tipus de varius segons gruix i color. Les varius no s\u00f3n exclusives de les cames, poden apar\u00e8ixer a l&#8217;es\u00f2fag, a l&#8217;abdomen, a la uni\u00f3 anorectal o fins i tot a la vagina.<\/p>\n<p>Les varius de les cames es tracten amb escleroter\u00e0pia i\/o l\u00e0ser i conv\u00e9 fer un Eco_doppler pr\u00e8viament<\/p>\n<p><strong>Qu\u00e8 \u00e9s l&#8217;escleroter\u00e0pia?<\/strong><\/p>\n<p>L&#8217;esclerosi de varius o escleroter\u00e0pia consisteix en la injecci\u00f3 mitjan\u00e7ant una agulla molt fina, d&#8217;una subst\u00e0ncia esclerosant que irrita, produeix una inflamaci\u00f3 que fibrosa la variu i posteriorment acaba desapareixent.L&#8217;escleroter\u00e0pia pot ser convencional o amb microescuma.<\/p>\n<p><strong>Com \u00e9s el tractament amb l\u00e0ser?<\/strong><\/p>\n<p>S&#8217;utilitza el l\u00e0ser per escalfar la vena de manera que es produeixi una fibrosi de manera que la variu vagi desapareixent.<\/p>\n<p><strong>Cal tenir alguna cura posterior?<\/strong><\/p>\n<p>Conv\u00e9 portar mitges compressives durant almenys una setmana i evitar l&#8217;exposici\u00f3 solar directa.<\/p>\n<p>Cal que un especialista valori el tipus i l&#8217;origen de la variu per determinar quin \u00e9s el tractament ideal.<\/p>\n<p>A Esthetic BCN comptem amb la <strong>Dra. Mallory Machado<\/strong>, especialista en angiologia que estar\u00e0 encantada de valorar el teu cas i realitzar el tractament m\u00e9s adequat.<\/p>\n<p>No dubtis en posar-te en contacte amb nosaltres trucant al 938293282 i prepara les cames per a l&#8217;estiu lliurant-te de les mol\u00e8sties associades a aquesta patologia.<\/p>\n","protected":false},"excerpt":{"rendered":"<p>A la primavera ens traiem les mitges, escurcem els pantalons i ens adonem que han aparegut venetes fines i vermelloses que provoquen un enlletgiment \u00a0de les cames. Aquestes venetes o varius s\u00f3n dilatacions de les venes que provoquen que la sang no circuli correctament. De vegades donen simptomatologia com cansament, dolor, inflor i altres vegades&#8230;<a class=\"more-link\" href=\"https:\/\/estheticbcn.com\/ca\/venetes-varius-cames\/\">Llegir m\u00e9s<\/a><\/p>\n","protected":false},"author":5,"featured_media":11127,"comment_status":"open","ping_status":"open","sticky":false,"template":"","format":"standard","meta":{"footnotes":""},"categories":[48,46,49],"tags":[661,1200,500,1199],"class_list":["post-11122","post","type-post","status-publish","format-standard","has-post-thumbnail","hentry","category-esthetic-bcn-ca","category-salut-i-bellesa","category-tractaments-anti-edat","tag-esclerosi-de-varius","tag-escleroterapia-amb-microescuma","tag-laser-ca","tag-tractament-de-varius"],"yoast_head":"<!-- This site is optimized with the Yoast SEO plugin v26.0 - https:\/\/yoast.com\/wordpress\/plugins\/seo\/ -->\n<title>Et molesten les venetes de les cames? Abans de comen\u00e7ar a ensenyar-les, \u00e9s el moment de tractar-les. - Esthetic BCN<\/title>\n<meta name=\"description\" content=\"Els ossos s\u00f3n la nostra estructura, mantenen la nostra postura i el pes dels nostres \u00f2rgans, ens donen suport i ens permeten el moviment.\" \/>\n<meta name=\"robots\" content=\"index, follow, max-snippet:-1, max-image-preview:large, max-video-preview:-1\" \/>\n<link rel=\"canonical\" href=\"https:\/\/estheticbcn.com\/ca\/venetes-varius-cames\/\" \/>\n<meta property=\"og:locale\" content=\"ca_ES\" \/>\n<meta property=\"og:type\" content=\"article\" \/>\n<meta property=\"og:title\" content=\"Et molesten les venetes de les cames? Abans de comen\u00e7ar a ensenyar-les, \u00e9s el moment de tractar-les. - Esthetic BCN\" \/>\n<meta property=\"og:description\" content=\"Els ossos s\u00f3n la nostra estructura, mantenen la nostra postura i el pes dels nostres \u00f2rgans, ens donen suport i ens permeten el moviment.\" \/>\n<meta property=\"og:url\" content=\"https:\/\/estheticbcn.com\/ca\/venetes-varius-cames\/\" \/>\n<meta property=\"og:site_name\" content=\"Esthetic BCN\" \/>\n<meta property=\"article:published_time\" content=\"2023-04-25T08:31:06+00:00\" \/>\n<meta property=\"article:modified_time\" content=\"2023-04-25T08:35:22+00:00\" \/>\n<meta property=\"og:image\" content=\"https:\/\/estheticbcn.com\/wp-content\/uploads\/post_web_estheticBCN_79_2_varices-1.jpg\" \/>\n\t<meta property=\"og:image:width\" content=\"1280\" \/>\n\t<meta property=\"og:image:height\" content=\"700\" \/>\n\t<meta property=\"og:image:type\" content=\"image\/jpeg\" \/>\n<meta name=\"author\" content=\"Esthetic BCN\" \/>\n<meta name=\"twitter:card\" content=\"summary_large_image\" \/>\n<meta name=\"twitter:label1\" content=\"Escrit per\" \/>\n\t<meta name=\"twitter:data1\" content=\"Esthetic BCN\" \/>\n\t<meta name=\"twitter:label2\" content=\"Temps estimat de lectura\" \/>\n\t<meta name=\"twitter:data2\" content=\"2 minuts\" \/>\n<script type=\"application\/ld+json\" class=\"yoast-schema-graph\">{\"@context\":\"https:\/\/schema.org\",\"@graph\":[{\"@type\":\"WebPage\",\"@id\":\"https:\/\/estheticbcn.com\/ca\/venetes-varius-cames\/\",\"url\":\"https:\/\/estheticbcn.com\/ca\/venetes-varius-cames\/\",\"name\":\"Et molesten les venetes de les cames? Abans de comen\u00e7ar a ensenyar-les, \u00e9s el moment de tractar-les. - Esthetic BCN\",\"isPartOf\":{\"@id\":\"https:\/\/estheticbcn.com\/#website\"},\"primaryImageOfPage\":{\"@id\":\"https:\/\/estheticbcn.com\/ca\/venetes-varius-cames\/#primaryimage\"},\"image\":{\"@id\":\"https:\/\/estheticbcn.com\/ca\/venetes-varius-cames\/#primaryimage\"},\"thumbnailUrl\":\"https:\/\/estheticbcn.com\/wp-content\/uploads\/post_web_estheticBCN_79_2_varices-1.jpg\",\"datePublished\":\"2023-04-25T08:31:06+00:00\",\"dateModified\":\"2023-04-25T08:35:22+00:00\",\"author\":{\"@id\":\"https:\/\/estheticbcn.com\/#\/schema\/person\/2c7f9b3f40db8280b90afeb22ec74c7a\"},\"description\":\"Els ossos s\u00f3n la nostra estructura, mantenen la nostra postura i el pes dels nostres \u00f2rgans, ens donen suport i ens permeten el moviment.\",\"inLanguage\":\"ca\",\"potentialAction\":[{\"@type\":\"ReadAction\",\"target\":[\"https:\/\/estheticbcn.com\/ca\/venetes-varius-cames\/\"]}]},{\"@type\":\"ImageObject\",\"inLanguage\":\"ca\",\"@id\":\"https:\/\/estheticbcn.com\/ca\/venetes-varius-cames\/#primaryimage\",\"url\":\"https:\/\/estheticbcn.com\/wp-content\/uploads\/post_web_estheticBCN_79_2_varices-1.jpg\",\"contentUrl\":\"https:\/\/estheticbcn.com\/wp-content\/uploads\/post_web_estheticBCN_79_2_varices-1.jpg\",\"width\":1280,\"height\":700},{\"@type\":\"WebSite\",\"@id\":\"https:\/\/estheticbcn.com\/#website\",\"url\":\"https:\/\/estheticbcn.com\/\",\"name\":\"Esthetic BCN\",\"description\":\"Otro sitio realizado con WordPress\",\"potentialAction\":[{\"@type\":\"SearchAction\",\"target\":{\"@type\":\"EntryPoint\",\"urlTemplate\":\"https:\/\/estheticbcn.com\/?s={search_term_string}\"},\"query-input\":{\"@type\":\"PropertyValueSpecification\",\"valueRequired\":true,\"valueName\":\"search_term_string\"}}],\"inLanguage\":\"ca\"},{\"@type\":\"Person\",\"@id\":\"https:\/\/estheticbcn.com\/#\/schema\/person\/2c7f9b3f40db8280b90afeb22ec74c7a\",\"name\":\"Esthetic BCN\",\"url\":\"https:\/\/estheticbcn.com\/ca\/author\/esthetic-bcn\/\"}]}<\/script>\n<!-- \/ Yoast SEO plugin. -->","yoast_head_json":{"title":"Et molesten les venetes de les cames? Abans de comen\u00e7ar a ensenyar-les, \u00e9s el moment de tractar-les. - Esthetic BCN","description":"Els ossos s\u00f3n la nostra estructura, mantenen la nostra postura i el pes dels nostres \u00f2rgans, ens donen suport i ens permeten el moviment.","robots":{"index":"index","follow":"follow","max-snippet":"max-snippet:-1","max-image-preview":"max-image-preview:large","max-video-preview":"max-video-preview:-1"},"canonical":"https:\/\/estheticbcn.com\/ca\/venetes-varius-cames\/","og_locale":"ca_ES","og_type":"article","og_title":"Et molesten les venetes de les cames? Abans de comen\u00e7ar a ensenyar-les, \u00e9s el moment de tractar-les. - Esthetic BCN","og_description":"Els ossos s\u00f3n la nostra estructura, mantenen la nostra postura i el pes dels nostres \u00f2rgans, ens donen suport i ens permeten el moviment.","og_url":"https:\/\/estheticbcn.com\/ca\/venetes-varius-cames\/","og_site_name":"Esthetic BCN","article_published_time":"2023-04-25T08:31:06+00:00","article_modified_time":"2023-04-25T08:35:22+00:00","og_image":[{"width":1280,"height":700,"url":"https:\/\/estheticbcn.com\/wp-content\/uploads\/post_web_estheticBCN_79_2_varices-1.jpg","type":"image\/jpeg"}],"author":"Esthetic BCN","twitter_card":"summary_large_image","twitter_misc":{"Escrit per":"Esthetic BCN","Temps estimat de lectura":"2 minuts"},"schema":{"@context":"https:\/\/schema.org","@graph":[{"@type":"WebPage","@id":"https:\/\/estheticbcn.com\/ca\/venetes-varius-cames\/","url":"https:\/\/estheticbcn.com\/ca\/venetes-varius-cames\/","name":"Et molesten les venetes de les cames? Abans de comen\u00e7ar a ensenyar-les, \u00e9s el moment de tractar-les. - Esthetic BCN","isPartOf":{"@id":"https:\/\/estheticbcn.com\/#website"},"primaryImageOfPage":{"@id":"https:\/\/estheticbcn.com\/ca\/venetes-varius-cames\/#primaryimage"},"image":{"@id":"https:\/\/estheticbcn.com\/ca\/venetes-varius-cames\/#primaryimage"},"thumbnailUrl":"https:\/\/estheticbcn.com\/wp-content\/uploads\/post_web_estheticBCN_79_2_varices-1.jpg","datePublished":"2023-04-25T08:31:06+00:00","dateModified":"2023-04-25T08:35:22+00:00","author":{"@id":"https:\/\/estheticbcn.com\/#\/schema\/person\/2c7f9b3f40db8280b90afeb22ec74c7a"},"description":"Els ossos s\u00f3n la nostra estructura, mantenen la nostra postura i el pes dels nostres \u00f2rgans, ens donen suport i ens permeten el moviment.","inLanguage":"ca","potentialAction":[{"@type":"ReadAction","target":["https:\/\/estheticbcn.com\/ca\/venetes-varius-cames\/"]}]},{"@type":"ImageObject","inLanguage":"ca","@id":"https:\/\/estheticbcn.com\/ca\/venetes-varius-cames\/#primaryimage","url":"https:\/\/estheticbcn.com\/wp-content\/uploads\/post_web_estheticBCN_79_2_varices-1.jpg","contentUrl":"https:\/\/estheticbcn.com\/wp-content\/uploads\/post_web_estheticBCN_79_2_varices-1.jpg","width":1280,"height":700},{"@type":"WebSite","@id":"https:\/\/estheticbcn.com\/#website","url":"https:\/\/estheticbcn.com\/","name":"Esthetic BCN","description":"Otro sitio realizado con WordPress","potentialAction":[{"@type":"SearchAction","target":{"@type":"EntryPoint","urlTemplate":"https:\/\/estheticbcn.com\/?s={search_term_string}"},"query-input":{"@type":"PropertyValueSpecification","valueRequired":true,"valueName":"search_term_string"}}],"inLanguage":"ca"},{"@type":"Person","@id":"https:\/\/estheticbcn.com\/#\/schema\/person\/2c7f9b3f40db8280b90afeb22ec74c7a","name":"Esthetic BCN","url":"https:\/\/estheticbcn.com\/ca\/author\/esthetic-bcn\/"}]}},"_links":{"self":[{"href":"https:\/\/estheticbcn.com\/ca\/wp-json\/wp\/v2\/posts\/11122","targetHints":{"allow":["GET"]}}],"collection":[{"href":"https:\/\/estheticbcn.com\/ca\/wp-json\/wp\/v2\/posts"}],"about":[{"href":"https:\/\/estheticbcn.com\/ca\/wp-json\/wp\/v2\/types\/post"}],"author":[{"embeddable":true,"href":"https:\/\/estheticbcn.com\/ca\/wp-json\/wp\/v2\/users\/5"}],"replies":[{"embeddable":true,"href":"https:\/\/estheticbcn.com\/ca\/wp-json\/wp\/v2\/comments?post=11122"}],"version-history":[{"count":0,"href":"https:\/\/estheticbcn.com\/ca\/wp-json\/wp\/v2\/posts\/11122\/revisions"}],"wp:featuredmedia":[{"embeddable":true,"href":"https:\/\/estheticbcn.com\/ca\/wp-json\/wp\/v2\/media\/11127"}],"wp:attachment":[{"href":"https:\/\/estheticbcn.com\/ca\/wp-json\/wp\/v2\/media?parent=11122"}],"wp:term":[{"taxonomy":"category","embeddable":true,"href":"https:\/\/estheticbcn.com\/ca\/wp-json\/wp\/v2\/categories?post=11122"},{"taxonomy":"post_tag","embeddable":true,"href":"https:\/\/estheticbcn.com\/ca\/wp-json\/wp\/v2\/tags?post=11122"}],"curies":[{"name":"wp","href":"https:\/\/api.w.org\/{rel}","templated":true}]}}